{"id":1090,"date":"2022-08-08T13:42:25","date_gmt":"2022-08-08T11:42:25","guid":{"rendered":"http:\/\/www.political-science-center.de\/?p=1090"},"modified":"2022-08-08T13:47:11","modified_gmt":"2022-08-08T11:47:11","slug":"10-jahre-political-science-center-e-v","status":"publish","type":"post","link":"https:\/\/www.political-science-center.de\/?p=1090","title":{"rendered":"10 Jahre Political Science Center e.V."},"content":{"rendered":"\n<p>Man glaubt es kaum. Zehn Jahre sind vergangen, seit die Idee der Politischen Bildung in Ausstellungsh\u00e4usern am 08. August 2012 zur Gr\u00fcndung des Political Science Center Vereins gef\u00fchrt hat.  Ein Hoch auf uns! Soviel sei heute erlaubt.<\/p>\n\n\n\n<!--more-->\n\n\n\n<figure class=\"wp-block-image size-full\"><img loading=\"lazy\" decoding=\"async\" width=\"800\" height=\"800\" src=\"https:\/\/www.political-science-center.de\/wp-content\/uploads\/2022\/08\/Logo_10-Jahre.jpg\" alt=\"\" class=\"wp-image-1091\" srcset=\"https:\/\/www.political-science-center.de\/wp-content\/uploads\/2022\/08\/Logo_10-Jahre.jpg 800w, https:\/\/www.political-science-center.de\/wp-content\/uploads\/2022\/08\/Logo_10-Jahre-300x300.jpg 300w, https:\/\/www.political-science-center.de\/wp-content\/uploads\/2022\/08\/Logo_10-Jahre-150x150.jpg 150w, https:\/\/www.political-science-center.de\/wp-content\/uploads\/2022\/08\/Logo_10-Jahre-768x768.jpg 768w\" sizes=\"auto, (max-width: 800px) 100vw, 800px\" \/><\/figure>\n\n\n\n<p>Zugegeben, wir haben alle viel zu tun. Der kleine Verein wird von wenigen Mitgliedern ehrenamtlich neben der Arbeit betrieben. Und man muss gestehen, dass die Verwaltung einen erheblichen Anteil der Kapazit\u00e4ten bindet. Aber wir sind da und wir sind aktiv. <\/p>\n\n\n\n<p>10 Jahre, 40 Beitr\u00e4ge, 2 realisierte Ausstellungen, viele Montagstalks und etliche spannende Konzepte f\u00fcr die Zukunft, die nur auf Umsetzung warten. Ein Anfang ist gemacht, aber das Beste kommt erst noch \u2013 versprochen!<\/p>\n\n\n\n<p>Danke. Ein Dank an die Mitglieder, all&#8216; die aktiven wie stillen Unterst\u00fctzer*innen. Ein Dank an die Studierenden, die an den Ausstellungen ideenreich und voller Eifer mitgewirkt haben. Ein Dank an die Vorstandsmitglieder, die sich m\u00fchsam durch Vereinsrecht, Mitgliederverwaltung, Vereinsverm\u00f6gen und Webseitenchaos arbeiten. Und ein besonderer Dank an unsere Leser*innen und Besucher*innen. <\/p>\n\n\n\n<p>Es ist sch\u00f6n, dass Sie und Ihr da seid und ich freue mich auf die n\u00e4chsten 10 Jahre mit Ihnen und euch!<\/p>\n","protected":false},"excerpt":{"rendered":"<p>Man glaubt es kaum. Zehn Jahre sind vergangen, seit die Idee der Politischen Bildung in Ausstellungsh\u00e4usern am 08. August 2012 zur Gr\u00fcndung des Political Science Center Vereins gef\u00fchrt hat. Ein Hoch auf uns! Soviel sei heute erlaubt.<\/p>\n","protected":false},"author":1,"featured_media":1091,"comment_status":"open","ping_status":"open","sticky":false,"template":"","format":"standard","meta":{"footnotes":""},"categories":[1],"tags":[],"class_list":["post-1090","post","type-post","status-publish","format-standard","has-post-thumbnail","hentry","category-artikel"],"_links":{"self":[{"href":"https:\/\/www.political-science-center.de\/index.php?rest_route=\/wp\/v2\/posts\/1090","targetHints":{"allow":["GET"]}}],"collection":[{"href":"https:\/\/www.political-science-center.de\/index.php?rest_route=\/wp\/v2\/posts"}],"about":[{"href":"https:\/\/www.political-science-center.de\/index.php?rest_route=\/wp\/v2\/types\/post"}],"author":[{"embeddable":true,"href":"https:\/\/www.political-science-center.de\/index.php?rest_route=\/wp\/v2\/users\/1"}],"replies":[{"embeddable":true,"href":"https:\/\/www.political-science-center.de\/index.php?rest_route=%2Fwp%2Fv2%2Fcomments&post=1090"}],"version-history":[{"count":4,"href":"https:\/\/www.political-science-center.de\/index.php?rest_route=\/wp\/v2\/posts\/1090\/revisions"}],"predecessor-version":[{"id":1096,"href":"https:\/\/www.political-science-center.de\/index.php?rest_route=\/wp\/v2\/posts\/1090\/revisions\/1096"}],"wp:featuredmedia":[{"embeddable":true,"href":"https:\/\/www.political-science-center.de\/index.php?rest_route=\/wp\/v2\/media\/1091"}],"wp:attachment":[{"href":"https:\/\/www.political-science-center.de\/index.php?rest_route=%2Fwp%2Fv2%2Fmedia&parent=1090"}],"wp:term":[{"taxonomy":"category","embeddable":true,"href":"https:\/\/www.political-science-center.de\/index.php?rest_route=%2Fwp%2Fv2%2Fcategories&post=1090"},{"taxonomy":"post_tag","embeddable":true,"href":"https:\/\/www.political-science-center.de\/index.php?rest_route=%2Fwp%2Fv2%2Ftags&post=1090"}],"curies":[{"name":"wp","href":"https:\/\/api.w.org\/{rel}","templated":true}]}}