{"id":786,"date":"2014-07-07T19:30:34","date_gmt":"2014-07-07T17:30:34","guid":{"rendered":"http:\/\/www.political-science-center.de\/?p=786"},"modified":"2014-07-10T23:41:56","modified_gmt":"2014-07-10T21:41:56","slug":"ausstellung-in-giessen","status":"publish","type":"post","link":"https:\/\/www.political-science-center.de\/?p=786","title":{"rendered":"Ausstellung in Gie\u00dfen"},"content":{"rendered":"<p style=\"text-align: justify;\">Im Oktober 2013 begann unter dem Titel &#8222;Politische Breitenbildung durch interaktive Wissensvermittlung&#8220; ein Seminar an der <abbr>JLU<\/abbr> Gie\u00dfen, welches von den <abbr>PSC<\/abbr> e.V. Mitbegr\u00fcndern Sebastian Ketter und Timo Gertler geleitet wurde (<a title=\"Seminar an der <abbr>JLU<\/abbr> Gie\u00dfen\" href=\"https:\/\/www.political-science-center.de\/?p=403\" target=\"_blank\">wir berichteten<\/a>). Als Ergebnis dieses Seminars gibt es ab heute eine Plakatausstellung im Haus E am Philisophikum II der Universit\u00e4t Gie\u00dfen zu sehen\u00a0\u2013 der Titel: &#8222;<strong><span style=\"color: #4973de;\">Leben an der <abbr>JLU<\/abbr><\/span><\/strong>&#8222;<\/p>\n<p style=\"text-align: justify;\"><img loading=\"lazy\" decoding=\"async\" class=\"aligncenter size-full wp-image-791\" alt=\"Teaser_Ausstellung\" src=\"https:\/\/www.political-science-center.de\/wp-content\/uploads\/2014\/07\/Teaser_Ausstellung.jpg\" width=\"1000\" height=\"333\" srcset=\"https:\/\/www.political-science-center.de\/wp-content\/uploads\/2014\/07\/Teaser_Ausstellung.jpg 1000w, https:\/\/www.political-science-center.de\/wp-content\/uploads\/2014\/07\/Teaser_Ausstellung-300x99.jpg 300w\" sizes=\"auto, (max-width: 1000px) 100vw, 1000px\" \/><\/p>\n<p style=\"text-align: justify;\">In die Konzeption der Ausstellung flossen viele \u00dcberlegungen der Studierenden ein, die das Projekt von einer blo\u00dfen Plakatausstellung abheben. <!--more--><\/p>\n<p style=\"text-align: justify;\">Anstelle klassischer Exponate besteht die H\u00e4lfte der Plakate aus Bekanntmachungen, die authentische von der Universit\u00e4t zu sein scheinen. In diesen werden Ver\u00e4nderungen f\u00fcr das Leben an der <abbr>JLU<\/abbr> bekannt gegeben, die gewiss f\u00fcr Provokationen sorgen, so sollen etwa kontrollierte Pr\u00e4senzlernzeiten ebenso eingef\u00fchrt werden, wie eine allgemeine Hochschuluniform.<\/p>\n<p style=\"text-align: justify;\">Am Ende der jeweiligen Provokationen findet sich ein Verweis auf weitere Informationen, hierzu muss jedoch das Haus im Stil einer Schnitzeljagd durchlaufen werden, erst dann wird der Sachverhalt auf einem Plakat aufgekl\u00e4rt und sogleich \u00fcber ein daneben h\u00e4ngendes Plakat eine weitere Behauptung aufgestellt, die wahr oder falsch sein kann und den Besucher dazu animiert, sich weiter durch das Haus und die Ausstellung zu bewegen.<\/p>\n<p style=\"text-align: justify;\">Die Studierenden m\u00f6chten mit den Plakaten gerne zur Diskussion ansto\u00dfen. Da es gewiss nicht jedem m\u00f6glich ist, sich die kleine Ausstellung vor Ort anzusehen, stellen wir die Plakate gerne auch hier als <abbr>PDF<\/abbr>-Dokumente bereit und freuen uns sehr, Sie in der Sektion &#8222;<a title=\"Diskussion\" href=\"https:\/\/www.political-science-center.de\/?page_id=555\" target=\"_blank\">Diskussion<\/a>&#8220; begr\u00fc\u00dfen zu d\u00fcrfen.<\/p>\n<p style=\"text-align: justify;\"><strong>Exponat 1: Werden Pr\u00e4senzlernzeiten eingef\u00fchrt?<\/strong><\/p>\n<table style=\"border-color: #4973de; border-width: 1px;\" border=\"1\">\n<tbody>\n<tr>\n<td>\n<p><figure id=\"attachment_792\" aria-describedby=\"caption-attachment-792\" style=\"width: 141px\" class=\"wp-caption aligncenter\"><a href=\"http:\/\/www.pscev.de\/files\/ausstellung2014\/1a_PLZE.pdf\"><img loading=\"lazy\" decoding=\"async\" class=\"size-full wp-image-792 \" alt=\"Provokation Pr\u00e4senzlernzeiten (PDF)\" src=\"https:\/\/www.political-science-center.de\/wp-content\/uploads\/2014\/07\/1a_small.jpg\" width=\"141\" height=\"200\" \/><\/a><figcaption id=\"caption-attachment-792\" class=\"wp-caption-text\">Provokation Pr\u00e4senzlernzeiten (PDF)<\/figcaption><\/figure><\/td>\n<td>\n<p><figure id=\"attachment_793\" aria-describedby=\"caption-attachment-793\" style=\"width: 141px\" class=\"wp-caption aligncenter\"><a href=\"http:\/\/www.pscev.de\/files\/ausstellung2014\/1b_PLZE.pdf\"><img loading=\"lazy\" decoding=\"async\" class=\"size-full wp-image-793 \" alt=\"Aufl\u00f6sung Pr\u00e4senzlernzeiten (PDF)\" src=\"https:\/\/www.political-science-center.de\/wp-content\/uploads\/2014\/07\/1b_small.jpg\" width=\"141\" height=\"200\" \/><\/a><figcaption id=\"caption-attachment-793\" class=\"wp-caption-text\">Aufl\u00f6sung Pr\u00e4senzlernzeiten (PDF)<\/figcaption><\/figure><\/td>\n<\/tr>\n<\/tbody>\n<\/table>\n<p style=\"text-align: justify;\"><strong>Exponat 2: Die Landesgartenschau kostet Studierende 175.000 \u20ac<\/strong><\/p>\n<table style=\"border-color: #4973de; border-width: 1px;\" border=\"1\">\n<tbody>\n<tr>\n<td>\n<p><figure id=\"attachment_794\" aria-describedby=\"caption-attachment-794\" style=\"width: 141px\" class=\"wp-caption aligncenter\"><a href=\"http:\/\/www.pscev.de\/files\/ausstellung2014\/2a_LGS.pdf\"><img loading=\"lazy\" decoding=\"async\" class=\"size-full wp-image-794\" alt=\"Provokation Landesgartenschau (PDF)\" src=\"https:\/\/www.political-science-center.de\/wp-content\/uploads\/2014\/07\/2a_small.jpg\" width=\"141\" height=\"200\" \/><\/a><figcaption id=\"caption-attachment-794\" class=\"wp-caption-text\">Provokation Landesgartenschau (PDF)<\/figcaption><\/figure><\/td>\n<td>\n<p><figure id=\"attachment_795\" aria-describedby=\"caption-attachment-795\" style=\"width: 142px\" class=\"wp-caption aligncenter\"><a href=\"http:\/\/www.pscev.de\/files\/ausstellung2014\/2b_LGS.pdf\"><img loading=\"lazy\" decoding=\"async\" class=\"size-full wp-image-795\" alt=\"Aufl\u00f6sung Landesgartenschau (PDF)\" src=\"https:\/\/www.political-science-center.de\/wp-content\/uploads\/2014\/07\/2b_small.jpg\" width=\"142\" height=\"200\" \/><\/a><figcaption id=\"caption-attachment-795\" class=\"wp-caption-text\">Aufl\u00f6sung Landesgartenschau (PDF)<\/figcaption><\/figure><\/td>\n<\/tr>\n<\/tbody>\n<\/table>\n<p style=\"text-align: justify;\"><strong>Exponat 3: Eine Zweitwohnsitzsteuer nur f\u00fcr Studierende?<\/strong><\/p>\n<table style=\"border-color: #4973de; border-width: 1px;\" border=\"1\">\n<tbody>\n<tr>\n<td>\n<p><figure id=\"attachment_796\" aria-describedby=\"caption-attachment-796\" style=\"width: 144px\" class=\"wp-caption aligncenter\"><a href=\"http:\/\/www.pscev.de\/files\/ausstellung2014\/3a_Steuer.pdf\"><img loading=\"lazy\" decoding=\"async\" class=\"size-full wp-image-796\" alt=\"Provokation Sondersteuer (PDF)\" src=\"https:\/\/www.political-science-center.de\/wp-content\/uploads\/2014\/07\/3a_small.jpg\" width=\"144\" height=\"200\" \/><\/a><figcaption id=\"caption-attachment-796\" class=\"wp-caption-text\">Provokation Sondersteuer (PDF)<\/figcaption><\/figure><\/td>\n<td>\n<p><figure id=\"attachment_797\" aria-describedby=\"caption-attachment-797\" style=\"width: 141px\" class=\"wp-caption aligncenter\"><a href=\"http:\/\/www.pscev.de\/files\/ausstellung2014\/3b_Steuer.pdf\"><img loading=\"lazy\" decoding=\"async\" class=\"size-full wp-image-797\" alt=\"Aufl\u00f6sung Sondersteuer (PDF)\" src=\"https:\/\/www.political-science-center.de\/wp-content\/uploads\/2014\/07\/3b_small.jpg\" width=\"141\" height=\"200\" \/><\/a><figcaption id=\"caption-attachment-797\" class=\"wp-caption-text\">Aufl\u00f6sung Sondersteuer (PDF)<\/figcaption><\/figure><\/td>\n<\/tr>\n<\/tbody>\n<\/table>\n<p style=\"text-align: justify;\"><strong>Exponat 4: Die Privatisierung des Universit\u00e4tsklinikum<\/strong><\/p>\n<table style=\"border-color: #4973de; border-width: 1px;\" border=\"1\">\n<tbody>\n<tr>\n<td>\n<p><figure id=\"attachment_798\" aria-describedby=\"caption-attachment-798\" style=\"width: 141px\" class=\"wp-caption aligncenter\"><a href=\"http:\/\/www.pscev.de\/files\/ausstellung2014\/4a_Uniklinik.pdf\"><img loading=\"lazy\" decoding=\"async\" class=\"size-full wp-image-798\" alt=\"Provokation Uniklinikum (PDF)\" src=\"https:\/\/www.political-science-center.de\/wp-content\/uploads\/2014\/07\/4a_small.jpg\" width=\"141\" height=\"200\" \/><\/a><figcaption id=\"caption-attachment-798\" class=\"wp-caption-text\">Provokation Uniklinikum (PDF)<\/figcaption><\/figure><\/td>\n<td>\n<p><figure id=\"attachment_799\" aria-describedby=\"caption-attachment-799\" style=\"width: 143px\" class=\"wp-caption aligncenter\"><a href=\"http:\/\/www.pscev.de\/files\/ausstellung2014\/4b_Uniklinik.pdf\"><img loading=\"lazy\" decoding=\"async\" class=\"size-full wp-image-799\" alt=\"Aufl\u00f6sung Uniklinikum (PDF)\" src=\"https:\/\/www.political-science-center.de\/wp-content\/uploads\/2014\/07\/4b_small.jpg\" width=\"143\" height=\"200\" \/><\/a><figcaption id=\"caption-attachment-799\" class=\"wp-caption-text\">Aufl\u00f6sung Uniklinikum (PDF)<\/figcaption><\/figure><\/td>\n<\/tr>\n<\/tbody>\n<\/table>\n<p style=\"text-align: justify;\"><strong>Exponat 5: Kommt die Hochschuluniform?<\/strong><\/p>\n<table style=\"border-color: #4973de; border-width: 1px;\" border=\"1\">\n<tbody>\n<tr>\n<td>\n<p><figure id=\"attachment_800\" aria-describedby=\"caption-attachment-800\" style=\"width: 141px\" class=\"wp-caption aligncenter\"><a href=\"http:\/\/www.pscev.de\/files\/ausstellung2014\/5a_Uniform.pdf\"><img loading=\"lazy\" decoding=\"async\" class=\"size-full wp-image-800\" alt=\"Provokation Hochschuluniform (PDF)\" src=\"https:\/\/www.political-science-center.de\/wp-content\/uploads\/2014\/07\/5a_small.jpg\" width=\"141\" height=\"200\" \/><\/a><figcaption id=\"caption-attachment-800\" class=\"wp-caption-text\">Provokation Hochschuluniform (PDF)<\/figcaption><\/figure><\/td>\n<td>\n<p><figure id=\"attachment_801\" aria-describedby=\"caption-attachment-801\" style=\"width: 142px\" class=\"wp-caption aligncenter\"><a href=\"http:\/\/www.pscev.de\/files\/ausstellung2014\/5b_Uniform.pdf\"><img loading=\"lazy\" decoding=\"async\" class=\"size-full wp-image-801\" alt=\"Aufl\u00f6sung Hochschuluniform (PDF)\" src=\"https:\/\/www.political-science-center.de\/wp-content\/uploads\/2014\/07\/5b_small.jpg\" width=\"142\" height=\"200\" \/><\/a><figcaption id=\"caption-attachment-801\" class=\"wp-caption-text\">Aufl\u00f6sung Hochschuluniform (PDF)<\/figcaption><\/figure><\/td>\n<\/tr>\n<\/tbody>\n<\/table>\n<p style=\"text-align: justify;\">Wir danken den Studierenden f\u00fcr das gleichsam erfolgreiche und interessante Seminar und freuen uns auf zuk\u00fcnftige Projekte!<\/p>\n<p style=\"text-align: justify;\"><span style=\"font-size: 12px;\">Die Ausstellung befindet sich im Haus E des Philosophikums II <\/span><\/p>\n<p style=\"text-align: justify;\"><span style=\"font-size: 12px;\">Karl-Gl\u00f6ckner-Str. 21E,<\/span><br \/>\n<span style=\"font-size: 12px;\">35396 Gie\u00dfen<\/span><\/p>\n<p style=\"text-align: justify;\"><span style=\"font-size: 12px;\">Das Geb\u00e4ude ist zu folgenden Zeiten ge\u00f6ffnet:<\/span><br \/>\n<span style=\"font-size: 12px;\">Montag bis Freitag von 07 -20\u00b0\u00b0 Uhr<\/span><span style=\"font-size: 12px;\">Samstag und Sonntag von 08-18\u00b0\u00b0 Uhr<\/span><\/p>\n<p style=\"text-align: justify;\"><span style=\"font-size: 12px;\">in der vorlesungsfreien Zeit:<\/span><span style=\"font-size: 12px;\">Montag bis Freitag von 08-18\u00b0\u00b0 Uhr<\/span><br \/>\n<span style=\"font-size: 12px;\">Samstag und Sonntag geschlossen<\/span><\/p>\n","protected":false},"excerpt":{"rendered":"<p>Im Oktober 2013 begann unter dem Titel &#8222;Politische Breitenbildung durch interaktive Wissensvermittlung&#8220; ein Seminar an der JLU Gie\u00dfen, welches von den PSC e.V. Mitbegr\u00fcndern Sebastian Ketter und Timo Gertler geleitet wurde (wir berichteten). Als Ergebnis dieses Seminars gibt es ab heute eine Plakatausstellung im Haus E am Philisophikum II der Universit\u00e4t Gie\u00dfen zu sehen\u00a0\u2013 der Titel: &#8222;Leben an der JLU&#8222; In die Konzeption der Ausstellung flossen viele \u00dcberlegungen der Studierenden ein, die das Projekt von einer blo\u00dfen Plakatausstellung abheben.<\/p>\n","protected":false},"author":1,"featured_media":0,"comment_status":"open","ping_status":"open","sticky":false,"template":"","format":"standard","meta":{"footnotes":""},"categories":[17],"tags":[],"class_list":["post-786","post","type-post","status-publish","format-standard","hentry","category-nachrichten"],"_links":{"self":[{"href":"https:\/\/www.political-science-center.de\/index.php?rest_route=\/wp\/v2\/posts\/786","targetHints":{"allow":["GET"]}}],"collection":[{"href":"https:\/\/www.political-science-center.de\/index.php?rest_route=\/wp\/v2\/posts"}],"about":[{"href":"https:\/\/www.political-science-center.de\/index.php?rest_route=\/wp\/v2\/types\/post"}],"author":[{"embeddable":true,"href":"https:\/\/www.political-science-center.de\/index.php?rest_route=\/wp\/v2\/users\/1"}],"replies":[{"embeddable":true,"href":"https:\/\/www.political-science-center.de\/index.php?rest_route=%2Fwp%2Fv2%2Fcomments&post=786"}],"version-history":[{"count":9,"href":"https:\/\/www.political-science-center.de\/index.php?rest_route=\/wp\/v2\/posts\/786\/revisions"}],"predecessor-version":[{"id":814,"href":"https:\/\/www.political-science-center.de\/index.php?rest_route=\/wp\/v2\/posts\/786\/revisions\/814"}],"wp:attachment":[{"href":"https:\/\/www.political-science-center.de\/index.php?rest_route=%2Fwp%2Fv2%2Fmedia&parent=786"}],"wp:term":[{"taxonomy":"category","embeddable":true,"href":"https:\/\/www.political-science-center.de\/index.php?rest_route=%2Fwp%2Fv2%2Fcategories&post=786"},{"taxonomy":"post_tag","embeddable":true,"href":"https:\/\/www.political-science-center.de\/index.php?rest_route=%2Fwp%2Fv2%2Ftags&post=786"}],"curies":[{"name":"wp","href":"https:\/\/api.w.org\/{rel}","templated":true}]}}