{"id":813,"date":"2015-03-11T18:03:40","date_gmt":"2015-03-11T17:03:40","guid":{"rendered":"http:\/\/www.political-science-center.de\/?p=813"},"modified":"2015-03-11T18:05:17","modified_gmt":"2015-03-11T17:05:17","slug":"ende-einer-ausstellung","status":"publish","type":"post","link":"https:\/\/www.political-science-center.de\/?p=813","title":{"rendered":"Ende einer Ausstellung"},"content":{"rendered":"<p style=\"text-align: justify;\">In der vergangenen Woche endete am Fachbereich Geisteswissenschaften der Uni Gie\u00dfen die <a title=\"Ausstellung in Gie\u00dfen\" href=\"https:\/\/www.political-science-center.de\/?p=786\">Ausstellung &#8222;Leben an der <abbr>JLU<\/abbr>&#8220;<\/a>.\u00a0<!--more--><\/p>\n<p style=\"text-align: justify;\"><a href=\"https:\/\/www.political-science-center.de\/wp-content\/uploads\/2015\/03\/abgehaengt.jpg\"><img loading=\"lazy\" decoding=\"async\" class=\"alignleft size-medium wp-image-815\" alt=\"abgehaengt\" src=\"https:\/\/www.political-science-center.de\/wp-content\/uploads\/2015\/03\/abgehaengt-221x300.jpg\" width=\"221\" height=\"300\" srcset=\"https:\/\/www.political-science-center.de\/wp-content\/uploads\/2015\/03\/abgehaengt-221x300.jpg 221w, https:\/\/www.political-science-center.de\/wp-content\/uploads\/2015\/03\/abgehaengt-755x1024.jpg 755w, https:\/\/www.political-science-center.de\/wp-content\/uploads\/2015\/03\/abgehaengt.jpg 1000w\" sizes=\"auto, (max-width: 221px) 100vw, 221px\" \/><\/a>Die von Studierenden erarbeitete Ausstellung bestand aus Wandplakaten, auf denen betrachtende KommilitonInnen mit provokativen Aush\u00e4ngen konfrontiert wurden.<\/p>\n<p style=\"text-align: justify;\">Mit dem Ende des Wintersemester ist nun auch das Ende der Ausstellung gekommen und wir m\u00f6chten dies nutzen um ein kleines Resumee zu ziehen:<\/p>\n<p style=\"text-align: justify;\">Einige Plakate erregten viel Aufmerksamkeit, das Ziel die Studierenden f\u00fcr Problemf\u00e4lle zu sensibilisieren ist somit erreicht worden. Die Provokation der vermeintlich bald existierenden Pr\u00e4senzlernzeiten ist hierbei besonders angekommen ist und hat auch in den sozialen Netzwerken einen Kommunikationsprozess in Gang gebracht.<\/p>\n<p style=\"text-align: justify;\">Um dies zu verdeutlichen m\u00f6chten wir die Ausstellung gerne damit abschlie\u00dfen, die Reaktionen zu zeigen, die bspw. auf Facebook kundgetan wurden.<\/p>\n<p style=\"text-align: justify;\">Besonders erfreulich ist hierbei, dass einige Betrachter auch darauf verwiesen, dass hinter dem &#8222;Scherz&#8220; der Ausstellung durchaus ernste und diskussionsw\u00fcrdige Probleme stehen. Aber lesen Sie selbst:<\/p>\n<table border=\"0\" cellspacing=\"0\" cellpadding=\"0\" align=\"center\">\n<tbody>\n<tr>\n<td><a href=\"https:\/\/www.political-science-center.de\/wp-content\/uploads\/2015\/03\/reaktionen1.jpg\"><img loading=\"lazy\" decoding=\"async\" class=\"size-medium wp-image-816 aligncenter\" alt=\"reaktionen1\" src=\"https:\/\/www.political-science-center.de\/wp-content\/uploads\/2015\/03\/reaktionen1-55x300.jpg\" width=\"55\" height=\"300\" srcset=\"https:\/\/www.political-science-center.de\/wp-content\/uploads\/2015\/03\/reaktionen1-55x300.jpg 55w, https:\/\/www.political-science-center.de\/wp-content\/uploads\/2015\/03\/reaktionen1-188x1024.jpg 188w, https:\/\/www.political-science-center.de\/wp-content\/uploads\/2015\/03\/reaktionen1.jpg 600w\" sizes=\"auto, (max-width: 55px) 100vw, 55px\" \/><\/a><\/td>\n<td><a href=\"https:\/\/www.political-science-center.de\/wp-content\/uploads\/2015\/03\/reaktionen2.jpg\"><img loading=\"lazy\" decoding=\"async\" class=\"aligncenter size-medium wp-image-817\" alt=\"reaktionen2\" src=\"https:\/\/www.political-science-center.de\/wp-content\/uploads\/2015\/03\/reaktionen2-180x300.jpg\" width=\"180\" height=\"300\" srcset=\"https:\/\/www.political-science-center.de\/wp-content\/uploads\/2015\/03\/reaktionen2-180x300.jpg 180w, https:\/\/www.political-science-center.de\/wp-content\/uploads\/2015\/03\/reaktionen2-615x1024.jpg 615w, https:\/\/www.political-science-center.de\/wp-content\/uploads\/2015\/03\/reaktionen2.jpg 962w\" sizes=\"auto, (max-width: 180px) 100vw, 180px\" \/><\/a><\/td>\n<\/tr>\n<\/tbody>\n<\/table>\n<p>F\u00fcr uns war es ein erfreulicher Auftakt. Wir m\u00f6chten uns an dieser Stelle gerne bei allen beteiligten Studierenden der <abbr>JLU<\/abbr> bedanken und freuen uns auf kommende Projekte, von denen einige bereits in Vorbereitung sind!<\/p>\n","protected":false},"excerpt":{"rendered":"<p>In der vergangenen Woche endete am Fachbereich Geisteswissenschaften der Uni Gie\u00dfen die Ausstellung &#8222;Leben an der JLU&#8220;.\u00a0<\/p>\n","protected":false},"author":1,"featured_media":0,"comment_status":"open","ping_status":"open","sticky":false,"template":"","format":"standard","meta":{"footnotes":""},"categories":[17],"tags":[],"class_list":["post-813","post","type-post","status-publish","format-standard","hentry","category-nachrichten"],"_links":{"self":[{"href":"https:\/\/www.political-science-center.de\/index.php?rest_route=\/wp\/v2\/posts\/813","targetHints":{"allow":["GET"]}}],"collection":[{"href":"https:\/\/www.political-science-center.de\/index.php?rest_route=\/wp\/v2\/posts"}],"about":[{"href":"https:\/\/www.political-science-center.de\/index.php?rest_route=\/wp\/v2\/types\/post"}],"author":[{"embeddable":true,"href":"https:\/\/www.political-science-center.de\/index.php?rest_route=\/wp\/v2\/users\/1"}],"replies":[{"embeddable":true,"href":"https:\/\/www.political-science-center.de\/index.php?rest_route=%2Fwp%2Fv2%2Fcomments&post=813"}],"version-history":[{"count":6,"href":"https:\/\/www.political-science-center.de\/index.php?rest_route=\/wp\/v2\/posts\/813\/revisions"}],"predecessor-version":[{"id":825,"href":"https:\/\/www.political-science-center.de\/index.php?rest_route=\/wp\/v2\/posts\/813\/revisions\/825"}],"wp:attachment":[{"href":"https:\/\/www.political-science-center.de\/index.php?rest_route=%2Fwp%2Fv2%2Fmedia&parent=813"}],"wp:term":[{"taxonomy":"category","embeddable":true,"href":"https:\/\/www.political-science-center.de\/index.php?rest_route=%2Fwp%2Fv2%2Fcategories&post=813"},{"taxonomy":"post_tag","embeddable":true,"href":"https:\/\/www.political-science-center.de\/index.php?rest_route=%2Fwp%2Fv2%2Ftags&post=813"}],"curies":[{"name":"wp","href":"https:\/\/api.w.org\/{rel}","templated":true}]}}