{"id":984,"date":"2018-04-18T17:25:01","date_gmt":"2018-04-18T15:25:01","guid":{"rendered":"http:\/\/www.political-science-center.de\/?p=984"},"modified":"2018-06-01T17:58:31","modified_gmt":"2018-06-01T15:58:31","slug":"ausstellung-musik-macht-politik","status":"publish","type":"post","link":"https:\/\/www.political-science-center.de\/?p=984","title":{"rendered":"Ausstellung &#8222;Musik &#8211; Macht &#8211; Politik&#8220;"},"content":{"rendered":"<p>Es ist soweit! Am 25. April 2018 er\u00f6ffnet die Ausstellung &#8222;Musik &#8211; Macht &#8211; Politik&#8220; im Ausstellungsraum der Universit\u00e4tsbibliothek zu Gie\u00dfen.<!--more--><\/p>\n<p><a href=\"https:\/\/www.political-science-center.de\/wp-content\/uploads\/2018\/04\/A0-Poster-pol_Musik_kl.jpg\"><img loading=\"lazy\" decoding=\"async\" class=\"alignright wp-image-985\" src=\"https:\/\/www.political-science-center.de\/wp-content\/uploads\/2018\/04\/A0-Poster-pol_Musik_kl-213x300.jpg\" alt=\"\" width=\"343\" height=\"483\" srcset=\"https:\/\/www.political-science-center.de\/wp-content\/uploads\/2018\/04\/A0-Poster-pol_Musik_kl-213x300.jpg 213w, https:\/\/www.political-science-center.de\/wp-content\/uploads\/2018\/04\/A0-Poster-pol_Musik_kl-768x1083.jpg 768w, https:\/\/www.political-science-center.de\/wp-content\/uploads\/2018\/04\/A0-Poster-pol_Musik_kl-726x1024.jpg 726w, https:\/\/www.political-science-center.de\/wp-content\/uploads\/2018\/04\/A0-Poster-pol_Musik_kl.jpg 1418w\" sizes=\"auto, (max-width: 343px) 100vw, 343px\" \/><\/a>Die Ausstellung betrachtet das ambivalente Verh\u00e4ltnis von Musik zu den Begriffen Politik und Macht. Im Rahmen der Ausstellung begegnen dem Besucher ausgew\u00e4hlte Themenschwerpunkte, die unterschiedliche Bedeutungen dieser Zusammenh\u00e4nge aufzeigen und von Studierenden des Bachelorstudienganges <em>Social Sciences<\/em> in einem Lehrforschungsprojekt erarbeitet worden sind. Die Ausstellung wird von der Universit\u00e4tsbibliothek der <abbr>JLU<\/abbr> Gie\u00dfen und dem Political Science Center e.V. tatk\u00e4ftig unterst\u00fctzt.<\/p>\n<p>Politik macht Musik und stellt akustische Symbole her. Der Staat wird repr\u00e4sentiert oder eine bestimmte Ideologie propagiert. Die identit\u00e4tsstiftende Funktion wird sowohl von totalit\u00e4ren als auch demokratischen Staaten genutzt. Affirmative Musik, beispielsweise Nationalhymnen oder auch Heimatmusik, haben \u201estaatstragenden\u201c Charakter.<\/p>\n<p>Musik macht jedoch auch Politik und kann Machtstrukturen herausfordern. F\u00fcr soziale Bewegungen hat der identit\u00e4tsstiftende Charakter von Musik ebenfalls gro\u00dfe Bedeutung. Protestbewegungen finden so ihren eigenen Soundtrack.<\/p>\n<p>Die Zusammenh\u00e4nge zwischen Musik und Politik sind \u00e4u\u00dfert vielf\u00e4ltig. Musik kann bewusst politisch erzeugt werden oder sp\u00e4ter mit politischen Botschaften aufgeladen werden. Diese k\u00f6nnen direkt oder subtil transportiert werden. Die Ausstellung l\u00e4dt daher an einzelnen Stationen dazu ein, Musik zu h\u00f6ren, zu raten und sich \u00fcberraschen zu lassen.<\/p>\n<p>Die Vernissage findet am 25. April 2018 um 18 Uhr statt und wird musikalisch von der S\u00e4ngerin Menna Mulugeta begleitet. Im Anschluss wird zu einem Umtrunk eingeladen. Wir freuen uns darauf, euch herzlich begr\u00fc\u00dfen zu d\u00fcrfen!<\/p>\n<p>&nbsp;<\/p>\n<p><strong>Termine<\/strong><br \/>\nVernissage am Mittwoch, den 25. April 2018, 18.00 Uhr<br \/>\nAusstellungsdauer: verl\u00e4ngert bis 11. Juni!<\/p>\n<p><strong>\u00d6ffnungszeiten &amp; Eintritt<\/strong><br \/>\nT\u00e4glich von 7.30 \u2013 23.00 Uhr ge\u00f6ffnet (au\u00dfer an Feiertagen)<br \/>\nDer Eintritt ist frei<\/p>\n<p><strong>Veranstaltungsort<\/strong><br \/>\nUniversit\u00e4tsbibliothek Gie\u00dfen, Otto-Behaghel-Stra\u00dfe 8, 35394 Gie\u00dfen<\/p>\n<p><strong>Projektleitung &amp; Kontakt<\/strong><br \/>\nTimo Gertler<br \/>\nJustus-Liebig-Universit\u00e4t Gie\u00dfen<br \/>\nInstitut f\u00fcr Politikwissenschaft<br \/>\nKarl-Gl\u00f6ckner-Str. 21E, 35394 Gie\u00dfen<br \/>\nTimo.Gertler@sowi.uni-giessen.de<\/p>\n","protected":false},"excerpt":{"rendered":"<p>Es ist soweit! Am 25. April 2018 er\u00f6ffnet die Ausstellung &#8222;Musik &#8211; Macht &#8211; Politik&#8220; im Ausstellungsraum der Universit\u00e4tsbibliothek zu Gie\u00dfen.<\/p>\n","protected":false},"author":1,"featured_media":0,"comment_status":"open","ping_status":"open","sticky":false,"template":"","format":"standard","meta":{"footnotes":""},"categories":[1],"tags":[],"class_list":["post-984","post","type-post","status-publish","format-standard","hentry","category-artikel"],"_links":{"self":[{"href":"https:\/\/www.political-science-center.de\/index.php?rest_route=\/wp\/v2\/posts\/984","targetHints":{"allow":["GET"]}}],"collection":[{"href":"https:\/\/www.political-science-center.de\/index.php?rest_route=\/wp\/v2\/posts"}],"about":[{"href":"https:\/\/www.political-science-center.de\/index.php?rest_route=\/wp\/v2\/types\/post"}],"author":[{"embeddable":true,"href":"https:\/\/www.political-science-center.de\/index.php?rest_route=\/wp\/v2\/users\/1"}],"replies":[{"embeddable":true,"href":"https:\/\/www.political-science-center.de\/index.php?rest_route=%2Fwp%2Fv2%2Fcomments&post=984"}],"version-history":[{"count":8,"href":"https:\/\/www.political-science-center.de\/index.php?rest_route=\/wp\/v2\/posts\/984\/revisions"}],"predecessor-version":[{"id":1023,"href":"https:\/\/www.political-science-center.de\/index.php?rest_route=\/wp\/v2\/posts\/984\/revisions\/1023"}],"wp:attachment":[{"href":"https:\/\/www.political-science-center.de\/index.php?rest_route=%2Fwp%2Fv2%2Fmedia&parent=984"}],"wp:term":[{"taxonomy":"category","embeddable":true,"href":"https:\/\/www.political-science-center.de\/index.php?rest_route=%2Fwp%2Fv2%2Fcategories&post=984"},{"taxonomy":"post_tag","embeddable":true,"href":"https:\/\/www.political-science-center.de\/index.php?rest_route=%2Fwp%2Fv2%2Ftags&post=984"}],"curies":[{"name":"wp","href":"https:\/\/api.w.org\/{rel}","templated":true}]}}